{"id":1595,"date":"2017-04-24T15:35:20","date_gmt":"2017-04-24T15:35:20","guid":{"rendered":"http:\/\/pratinha.mg.gov.br\/portal\/?p=1595"},"modified":"2020-12-22T19:15:45","modified_gmt":"2020-12-22T19:15:45","slug":"campanha-de-vacinacao","status":"publish","type":"post","link":"https:\/\/www.pratinha.mg.gov.br\/portal\/campanha-de-vacinacao\/","title":{"rendered":"CAMPANHA DE VACINA\u00c7\u00c3O"},"content":{"rendered":"<p style=\"text-align: justify\"><strong>A SECRETARIA MUNICIPAL DE SA\u00daDE DE PRATINHA INICIA A CAMPANHA CONTRA A GRIPE H1N1.<\/strong><a href=\"http:\/\/pratinha.mg.gov.br\/portal\/wp-content\/uploads\/2017\/04\/GetThumb.aspx_.jpg\"><img loading=\"lazy\" decoding=\"async\" class=\"alignnone size-medium wp-image-1596\" src=\"http:\/\/pratinha.mg.gov.br\/portal\/wp-content\/uploads\/2017\/04\/GetThumb.aspx_-300x225.jpg\" alt=\"\" width=\"300\" height=\"225\" srcset=\"https:\/\/www.pratinha.mg.gov.br\/portal\/wp-content\/uploads\/2017\/04\/GetThumb.aspx_-300x225.jpg 300w, https:\/\/www.pratinha.mg.gov.br\/portal\/wp-content\/uploads\/2017\/04\/GetThumb.aspx_-768x577.jpg 768w, https:\/\/www.pratinha.mg.gov.br\/portal\/wp-content\/uploads\/2017\/04\/GetThumb.aspx_-80x60.jpg 80w, https:\/\/www.pratinha.mg.gov.br\/portal\/wp-content\/uploads\/2017\/04\/GetThumb.aspx_-265x198.jpg 265w, https:\/\/www.pratinha.mg.gov.br\/portal\/wp-content\/uploads\/2017\/04\/GetThumb.aspx_-696x523.jpg 696w, https:\/\/www.pratinha.mg.gov.br\/portal\/wp-content\/uploads\/2017\/04\/GetThumb.aspx_-559x420.jpg 559w, https:\/\/www.pratinha.mg.gov.br\/portal\/wp-content\/uploads\/2017\/04\/GetThumb.aspx_.jpg 865w\" sizes=\"auto, (max-width: 300px) 100vw, 300px\" \/><\/a>A dose estar\u00e1 dispon\u00edvel na rede p\u00fablica para beb\u00eas a partir dos seis meses e crian\u00e7as menores de cinco anos de idade. Tamb\u00e9m ser\u00e3o imunizados idosos a partir dos 60 anos, gestantes, pu\u00e9rperas (mulheres que tiveram filhos nos \u00faltimos 45 dias), ind\u00edgenas, funcion\u00e1rios do sistema prisional e a popula\u00e7\u00e3o privada de liberdade, al\u00e9m das pessoas diagnosticadas com doen\u00e7as cr\u00f4nicas e os profissionais de sa\u00fade do Estado.<\/p>\n<p style=\"text-align: justify\">Al\u00e9m de imunizar a popula\u00e7\u00e3o contra a gripe A H1N1, tipo que se disseminou pelo mundo na pandemia de 2009, a campanha tamb\u00e9m ir\u00e1 proteger a popula\u00e7\u00e3o contra outros dois tipos do v\u00edrus influenza &#8211; A (H3N2) e B.<\/p>\n<h1>A campanha nacional de vacina\u00e7\u00e3o<\/h1>\n<p><b>P\u00fablico-alvo<\/b><br \/>\n&gt; Pessoas de 60 anos ou mais<br \/>\n&gt; Crian\u00e7as de 6 meses a 5 anos<br \/>\n&gt; Trabalhadores da sa\u00fade<br \/>\n&gt; Professores<br \/>\n&gt; Ind\u00edgenas<br \/>\n&gt; Gestantes e pu\u00e9rperas (at\u00e9 45 dias ap\u00f3s o parto)<br \/>\n&gt; Portadores de doen\u00e7as cr\u00f4nicas<br \/>\n&gt; Presos e jovens que cumprem medidas socioeducativas<br \/>\n&gt; Funcion\u00e1rios do sistema prisional<\/p>\n<p><b>Calend\u00e1rio<\/b><br \/>\n17 de abril &#8211; In\u00edcio da campanha de vacina\u00e7\u00e3o<br \/>\n2 e 3 de maio &#8211; Vacina\u00e7\u00e3o de professores nas escolas p\u00fablicas e privadas<br \/>\n<strong>13 de maio &#8211; Dia D, com postos abertos em todo o pa\u00eds<\/strong><br \/>\n26 de maio &#8211; Fim da campanha<\/p>\n<p><b>Contra quais v\u00edrus a vacina protege?<\/b><br \/>\nA vacina dada na rede p\u00fablica \u00e9 a trivalente, contra tr\u00eas tipos de v\u00edrus da gripe, definidos a cada ano pela OMS \u2013em geral, s\u00e3o varia\u00e7\u00f5es do A (H1N1), A (H3N2) e B. Na rede privada tamb\u00e9m \u00e9 oferecida a quadrivalente, contra mais um tipo.<\/p>\n<p style=\"text-align: justify\"><b>Ela \u00e9 100% eficiente? \u00c9 segura?<\/b><br \/>\nA efic\u00e1cia da vacina \u00e9 de 60% a 90%, dependendo da idade do paciente e de fatores como infec\u00e7\u00f5es e doen\u00e7as cr\u00f4nicas. Ela \u00e9 segura; o m\u00e1ximo que pode acontecer s\u00e3o dores locais, febre baixa e mal-estar.<\/p>\n<p style=\"text-align: justify\"><b>Quanto tempo ela dura?<\/b><br \/>\nEla demora cerca de 15 dias para come\u00e7ar a fazer efeito e \u00e9 \u00fatil por aproximadamente um ano. Normalmente as cepas mudam, por isso \u00e9 preciso se vacinar todo ano, mesmo se voc\u00ea j\u00e1 foi infectado alguma vez na vida.<\/p>\n<p style=\"text-align: justify\"><b>Quem n\u00e3o pode tomar?<\/b><br \/>\nBeb\u00eas menores de 6 meses e quem j\u00e1 teve rea\u00e7\u00f5es anafil\u00e1ticas em aplica\u00e7\u00f5es anteriores. Quem teve a s\u00edndrome de Guillain-Barr\u00e9 ou tem rea\u00e7\u00f5es al\u00e9rgicas graves a ovo \u2013a vacina cont\u00e9m tra\u00e7os de prote\u00ednas do alimento\u2013 tamb\u00e9m deve ter cautela.<\/p>\n<p><b>Estou resfriado, posso tomar a vacina?<\/b><br \/>\nSim, desde que n\u00e3o esteja com febre.<\/p>\n<p style=\"text-align: justify\"><b>Qual \u00e9 a diferen\u00e7a entre gripe e resfriado?<\/b><br \/>\nNo resfriado, os sintomas s\u00e3o nariz escorrendo, espirros, um pouco de dor no corpo e \u00e0s vezes febre baixa e tosse. J\u00e1 a gripe se inicia de repente e tem como principais marcas febre alta, tosse seca e fortes dores no corpo e de garganta. Ela tamb\u00e9m pode evoluir e provocar complica\u00e7\u00f5es no pulm\u00e3o, resultando em falta de ar.<\/p>\n","protected":false},"excerpt":{"rendered":"<p>A SECRETARIA MUNICIPAL DE SA\u00daDE DE PRATINHA INICIA A CAMPANHA CONTRA A GRIPE H1N1.A dose estar\u00e1 dispon\u00edvel na rede p\u00fablica para beb\u00eas a partir dos seis meses e crian\u00e7as menores de cinco anos de idade. Tamb\u00e9m ser\u00e3o imunizados idosos a partir dos 60 anos, gestantes, pu\u00e9rperas (mulheres que tiveram filhos nos \u00faltimos 45 dias), ind\u00edgenas,&hellip;<\/p>","protected":false},"author":6,"featured_media":1596,"comment_status":"open","ping_status":"open","sticky":false,"template":"","format":"standard","meta":{"footnotes":""},"categories":[5,13],"tags":[],"class_list":{"0":"post-1595","1":"post","2":"type-post","3":"status-publish","4":"format-standard","5":"has-post-thumbnail","7":"category-administracao","8":"category-saude"},"_links":{"self":[{"href":"https:\/\/www.pratinha.mg.gov.br\/portal\/wp-json\/wp\/v2\/posts\/1595","targetHints":{"allow":["GET"]}}],"collection":[{"href":"https:\/\/www.pratinha.mg.gov.br\/portal\/wp-json\/wp\/v2\/posts"}],"about":[{"href":"https:\/\/www.pratinha.mg.gov.br\/portal\/wp-json\/wp\/v2\/types\/post"}],"author":[{"embeddable":true,"href":"https:\/\/www.pratinha.mg.gov.br\/portal\/wp-json\/wp\/v2\/users\/6"}],"replies":[{"embeddable":true,"href":"https:\/\/www.pratinha.mg.gov.br\/portal\/wp-json\/wp\/v2\/comments?post=1595"}],"version-history":[{"count":1,"href":"https:\/\/www.pratinha.mg.gov.br\/portal\/wp-json\/wp\/v2\/posts\/1595\/revisions"}],"predecessor-version":[{"id":5422,"href":"https:\/\/www.pratinha.mg.gov.br\/portal\/wp-json\/wp\/v2\/posts\/1595\/revisions\/5422"}],"wp:featuredmedia":[{"embeddable":true,"href":"https:\/\/www.pratinha.mg.gov.br\/portal\/wp-json\/wp\/v2\/media\/1596"}],"wp:attachment":[{"href":"https:\/\/www.pratinha.mg.gov.br\/portal\/wp-json\/wp\/v2\/media?parent=1595"}],"wp:term":[{"taxonomy":"category","embeddable":true,"href":"https:\/\/www.pratinha.mg.gov.br\/portal\/wp-json\/wp\/v2\/categories?post=1595"},{"taxonomy":"post_tag","embeddable":true,"href":"https:\/\/www.pratinha.mg.gov.br\/portal\/wp-json\/wp\/v2\/tags?post=1595"}],"curies":[{"name":"wp","href":"https:\/\/api.w.org\/{rel}","templated":true}]}}