{"id":13134,"date":"2025-07-15T11:15:36","date_gmt":"2025-07-15T11:15:36","guid":{"rendered":"https:\/\/www.pratinha.mg.gov.br\/portal\/?p=13134"},"modified":"2025-09-05T14:11:10","modified_gmt":"2025-09-05T14:11:10","slug":"v-conferencia-municipal-de-educacao","status":"publish","type":"post","link":"https:\/\/www.pratinha.mg.gov.br\/portal\/v-conferencia-municipal-de-educacao\/","title":{"rendered":"V Confer\u00eancia Municipal de Educa\u00e7\u00e3o em 31\/10\/2025"},"content":{"rendered":"<h2><span style=\"color: #ff0000\"><strong><a style=\"color: #ff0000\" href=\"https:\/\/docs.google.com\/forms\/d\/e\/1FAIpQLSenztuL6A9LrwjP0mbb1QymXuhMRDZHiE-Ee5Z4qKlhGwLdKQ\/viewform\" target=\"_blank\" rel=\"noopener\">\u00a0INSCRI\u00c7\u00d5ES ENCERRADAS!\u00a0<\/a><\/strong><\/span><\/h2>\n<p><span style=\"color: #ff0000;font-size: 12pt\">Per\u00edodo das Inscri\u00e7\u00f5es: 15\/07 a 22\/08\/2025<\/span><\/p>\n<ul>\n<li><span style=\"font-size: 14pt;color: #0000ff\"><a style=\"color: #0000ff\" href=\"http:\/\/www.pratinha.mg.gov.br\/portal\/wp-content\/uploads\/2025\/07\/Decreto-1322-de-14-07-25-Cria-Comissao-Conferencia-M-Educacao.pdf\">Decreto n\u00ba 1.322 de 14\/07\/25 &#8211; Nomeia Comiss\u00e3o Organizadora da Confer\u00eancia Municipal de Educa\u00e7\u00e3o<\/a><\/span><\/li>\n<li><span style=\"font-size: 14pt\"><a href=\"http:\/\/www.pratinha.mg.gov.br\/portal\/wp-content\/uploads\/2025\/07\/Edital-Conferencia-M.-de-Educacao-com-link.pdf\"><span style=\"color: #0000ff\">Edital n\u00ba 03\/2025 &#8211; Confer\u00eancia M. de Educa\u00e7\u00e3o<\/span><\/a><\/span><\/li>\n<li><span style=\"font-size: 14pt\"><a href=\"http:\/\/www.pratinha.mg.gov.br\/portal\/wp-content\/uploads\/2025\/07\/Retificacao-de-Edital.pdf\"><span style=\"color: #0000ff\">Retifica\u00e7\u00e3o de Edital &#8211; Prorroga\u00e7\u00e3o de Prazo das Inscri\u00e7\u00f5es<\/span><\/a><\/span><\/li>\n<li><span style=\"font-size: 14pt;color: #0000ff\"><a style=\"color: #0000ff\" href=\"http:\/\/www.pratinha.mg.gov.br\/portal\/wp-content\/uploads\/2025\/07\/Relatorio-Inscricao-para-V-Conferencia-Municipal-de-Educacao-25-08-25.pdf\">Rela\u00e7\u00e3o de Inscritos para V Confer\u00eancia Municipal de Educa\u00e7\u00e3o<\/a><a style=\"color: #0000ff\" href=\"http:\/\/www.pratinha.mg.gov.br\/portal\/wp-content\/uploads\/2025\/07\/Edital-Conferencia-M.-de-Educacao-com-link.pdf\">\u00a0<\/a><\/span><\/li>\n<\/ul>\n<p>&nbsp;<\/p>\n<p>&nbsp;<\/p>\n<p>&nbsp;<\/p>\n","protected":false},"excerpt":{"rendered":"<p>\u00a0INSCRI\u00c7\u00d5ES ENCERRADAS!\u00a0 Per\u00edodo das Inscri\u00e7\u00f5es: 15\/07 a 22\/08\/2025 Decreto n\u00ba 1.322 de 14\/07\/25 - Nomeia Comiss\u00e3o Organizadora da Confer\u00eancia Municipal de Educa\u00e7\u00e3o Edital n\u00ba 03\/2025 - Confer\u00eancia M. de Educa\u00e7\u00e3o Retifica\u00e7\u00e3o de Edital - Prorroga\u00e7\u00e3o de Prazo das Inscri\u00e7\u00f5es Rela\u00e7\u00e3o de Inscritos para V Confer\u00eancia Municipal de Educa\u00e7\u00e3o\u00a0 &nbsp; &nbsp; &nbsp;<\/p>","protected":false},"author":1,"featured_media":13135,"comment_status":"open","ping_status":"open","sticky":false,"template":"","format":"standard","meta":{"footnotes":""},"categories":[6,1],"tags":[],"class_list":{"0":"post-13134","1":"post","2":"type-post","3":"status-publish","4":"format-standard","5":"has-post-thumbnail","7":"category-educacao","8":"category-noticias-em-destaque"},"_links":{"self":[{"href":"https:\/\/www.pratinha.mg.gov.br\/portal\/wp-json\/wp\/v2\/posts\/13134","targetHints":{"allow":["GET"]}}],"collection":[{"href":"https:\/\/www.pratinha.mg.gov.br\/portal\/wp-json\/wp\/v2\/posts"}],"about":[{"href":"https:\/\/www.pratinha.mg.gov.br\/portal\/wp-json\/wp\/v2\/types\/post"}],"author":[{"embeddable":true,"href":"https:\/\/www.pratinha.mg.gov.br\/portal\/wp-json\/wp\/v2\/users\/1"}],"replies":[{"embeddable":true,"href":"https:\/\/www.pratinha.mg.gov.br\/portal\/wp-json\/wp\/v2\/comments?post=13134"}],"version-history":[{"count":19,"href":"https:\/\/www.pratinha.mg.gov.br\/portal\/wp-json\/wp\/v2\/posts\/13134\/revisions"}],"predecessor-version":[{"id":13583,"href":"https:\/\/www.pratinha.mg.gov.br\/portal\/wp-json\/wp\/v2\/posts\/13134\/revisions\/13583"}],"wp:featuredmedia":[{"embeddable":true,"href":"https:\/\/www.pratinha.mg.gov.br\/portal\/wp-json\/wp\/v2\/media\/13135"}],"wp:attachment":[{"href":"https:\/\/www.pratinha.mg.gov.br\/portal\/wp-json\/wp\/v2\/media?parent=13134"}],"wp:term":[{"taxonomy":"category","embeddable":true,"href":"https:\/\/www.pratinha.mg.gov.br\/portal\/wp-json\/wp\/v2\/categories?post=13134"},{"taxonomy":"post_tag","embeddable":true,"href":"https:\/\/www.pratinha.mg.gov.br\/portal\/wp-json\/wp\/v2\/tags?post=13134"}],"curies":[{"name":"wp","href":"https:\/\/api.w.org\/{rel}","templated":true}]}}