{"id":11585,"date":"2024-12-05T23:27:01","date_gmt":"2024-12-05T23:27:01","guid":{"rendered":"https:\/\/www.pratinha.mg.gov.br\/portal\/?p=11585"},"modified":"2025-03-18T00:01:57","modified_gmt":"2025-03-18T00:01:57","slug":"recordacao-cultura-e-tradicao","status":"publish","type":"post","link":"https:\/\/www.pratinha.mg.gov.br\/portal\/recordacao-cultura-e-tradicao\/","title":{"rendered":"Tradi\u00e7\u00e3o e Cultura da nossa cidade, mantendo a hist\u00f3ria viva!"},"content":{"rendered":"","protected":false},"excerpt":{"rendered":"<p><\/p>","protected":false},"author":1,"featured_media":12139,"comment_status":"open","ping_status":"open","sticky":false,"template":"","format":"video","meta":{"footnotes":""},"categories":[1],"tags":[],"class_list":{"0":"post-11585","1":"post","2":"type-post","3":"status-publish","4":"format-video","5":"has-post-thumbnail","7":"category-noticias-em-destaque","8":"post_format-post-format-video"},"_links":{"self":[{"href":"https:\/\/www.pratinha.mg.gov.br\/portal\/wp-json\/wp\/v2\/posts\/11585","targetHints":{"allow":["GET"]}}],"collection":[{"href":"https:\/\/www.pratinha.mg.gov.br\/portal\/wp-json\/wp\/v2\/posts"}],"about":[{"href":"https:\/\/www.pratinha.mg.gov.br\/portal\/wp-json\/wp\/v2\/types\/post"}],"author":[{"embeddable":true,"href":"https:\/\/www.pratinha.mg.gov.br\/portal\/wp-json\/wp\/v2\/users\/1"}],"replies":[{"embeddable":true,"href":"https:\/\/www.pratinha.mg.gov.br\/portal\/wp-json\/wp\/v2\/comments?post=11585"}],"version-history":[{"count":4,"href":"https:\/\/www.pratinha.mg.gov.br\/portal\/wp-json\/wp\/v2\/posts\/11585\/revisions"}],"predecessor-version":[{"id":12141,"href":"https:\/\/www.pratinha.mg.gov.br\/portal\/wp-json\/wp\/v2\/posts\/11585\/revisions\/12141"}],"wp:featuredmedia":[{"embeddable":true,"href":"https:\/\/www.pratinha.mg.gov.br\/portal\/wp-json\/wp\/v2\/media\/12139"}],"wp:attachment":[{"href":"https:\/\/www.pratinha.mg.gov.br\/portal\/wp-json\/wp\/v2\/media?parent=11585"}],"wp:term":[{"taxonomy":"category","embeddable":true,"href":"https:\/\/www.pratinha.mg.gov.br\/portal\/wp-json\/wp\/v2\/categories?post=11585"},{"taxonomy":"post_tag","embeddable":true,"href":"https:\/\/www.pratinha.mg.gov.br\/portal\/wp-json\/wp\/v2\/tags?post=11585"}],"curies":[{"name":"wp","href":"https:\/\/api.w.org\/{rel}","templated":true}]}}