{"id":4324,"date":"2019-10-14T13:09:50","date_gmt":"2019-10-14T13:09:50","guid":{"rendered":"http:\/\/www.pratinha.mg.gov.br\/portal\/?p=4324"},"modified":"2019-10-14T13:09:50","modified_gmt":"2019-10-14T13:09:50","slug":"5-feira-do-jovem-empreendedor","status":"publish","type":"post","link":"http:\/\/www.pratinha.mg.gov.br\/portal\/5-feira-do-jovem-empreendedor\/","title":{"rendered":"5\u00b0 Feira do jovem empreendedor."},"content":{"rendered":"<p style=\"text-align: justify\">O Setor Educacional de Pratinha tem a honra de convid\u00e1-lo para participar, da 5\u00aa Feira do Jovem Empreendedor, que realizar\u00e1 no dia 26 de outubro de 2019, com in\u00edcio \u00e0s 18 horas e solenidade de abertura \u00e0s 19h30, no Poliesportivo Municipal.<br \/>\nSer\u00e3o comercializados v\u00e1rios produtos t\u00edpicos da regi\u00e3o e haver\u00e1 apresenta\u00e7\u00f5es art\u00edsticas e culturais.<br \/>\nChegou a hora de colhermos os frutos do trabalho dos nossos jovens empreendedores!<br \/>\nContamos com sua valiosa presen\u00e7a, afinal participar sempre \u00e9 um bom<br \/>\nneg\u00f3cio!<\/p>\n","protected":false},"excerpt":{"rendered":"<p>O Setor Educacional de Pratinha tem a honra de convid\u00e1-lo para participar, da 5\u00aa Feira do Jovem Empreendedor, que realizar\u00e1 no dia 26 de outubro de 2019, com in\u00edcio \u00e0s 18 horas e solenidade de abertura \u00e0s 19h30, no Poliesportivo Municipal. Ser\u00e3o comercializados v\u00e1rios produtos t\u00edpicos da regi\u00e3o e haver\u00e1 apresenta\u00e7\u00f5es art\u00edsticas e culturais. Chegou&hellip;<\/p>","protected":false},"author":6,"featured_media":4325,"comment_status":"open","ping_status":"open","sticky":false,"template":"","format":"standard","meta":{"footnotes":""},"categories":[5,6,9,1],"tags":[],"class_list":{"0":"post-4324","1":"post","2":"type-post","3":"status-publish","4":"format-standard","5":"has-post-thumbnail","7":"category-administracao","8":"category-educacao","9":"category-eventoscultura","10":"category-noticias-em-destaque"},"_links":{"self":[{"href":"http:\/\/www.pratinha.mg.gov.br\/portal\/wp-json\/wp\/v2\/posts\/4324","targetHints":{"allow":["GET"]}}],"collection":[{"href":"http:\/\/www.pratinha.mg.gov.br\/portal\/wp-json\/wp\/v2\/posts"}],"about":[{"href":"http:\/\/www.pratinha.mg.gov.br\/portal\/wp-json\/wp\/v2\/types\/post"}],"author":[{"embeddable":true,"href":"http:\/\/www.pratinha.mg.gov.br\/portal\/wp-json\/wp\/v2\/users\/6"}],"replies":[{"embeddable":true,"href":"http:\/\/www.pratinha.mg.gov.br\/portal\/wp-json\/wp\/v2\/comments?post=4324"}],"version-history":[{"count":2,"href":"http:\/\/www.pratinha.mg.gov.br\/portal\/wp-json\/wp\/v2\/posts\/4324\/revisions"}],"predecessor-version":[{"id":4327,"href":"http:\/\/www.pratinha.mg.gov.br\/portal\/wp-json\/wp\/v2\/posts\/4324\/revisions\/4327"}],"wp:featuredmedia":[{"embeddable":true,"href":"http:\/\/www.pratinha.mg.gov.br\/portal\/wp-json\/wp\/v2\/media\/4325"}],"wp:attachment":[{"href":"http:\/\/www.pratinha.mg.gov.br\/portal\/wp-json\/wp\/v2\/media?parent=4324"}],"wp:term":[{"taxonomy":"category","embeddable":true,"href":"http:\/\/www.pratinha.mg.gov.br\/portal\/wp-json\/wp\/v2\/categories?post=4324"},{"taxonomy":"post_tag","embeddable":true,"href":"http:\/\/www.pratinha.mg.gov.br\/portal\/wp-json\/wp\/v2\/tags?post=4324"}],"curies":[{"name":"wp","href":"https:\/\/api.w.org\/{rel}","templated":true}]}}