{"id":2359,"date":"2017-10-26T11:49:22","date_gmt":"2017-10-26T11:49:22","guid":{"rendered":"http:\/\/www.pratinha.mg.gov.br\/portal\/?p=2359"},"modified":"2021-12-29T22:11:54","modified_gmt":"2021-12-29T22:11:54","slug":"atividades-fisicas-e-praticas-corporais","status":"publish","type":"post","link":"http:\/\/www.pratinha.mg.gov.br\/portal\/atividades-fisicas-e-praticas-corporais\/","title":{"rendered":"ATIVIDADES F\u00cdSICAS E PR\u00c1TICAS CORPORAIS"},"content":{"rendered":"<p style=\"text-align: justify\"><strong>A Prefeitura Municipal de Pratinha<\/strong>\u00a0 juntamente com o <strong>Departamento Municipal de Sa\u00fade de Pratinha <\/strong>vem convidar toda \u00e0 popula\u00e7\u00e3o para participar de atividades f\u00edsicas e pr\u00e1ticas corporais realizadas no Clube Social de Pratinha nos dias de ter\u00e7a, quarta e quinta com o inicio \u00e0s<strong> 8:00 <\/strong>para o pessoal da terceira idade, e ter\u00e7a e quinta a partir das <strong>17:00<\/strong> para o todo p\u00fablico: adolescentes, jovens, adultos entre outros.<\/p>\n<p><a href=\"http:\/\/www.pratinha.mg.gov.br\/portal\/wp-content\/uploads\/2017\/10\/IMG_2800.jpg\"><img loading=\"lazy\" decoding=\"async\" class=\"alignnone size-medium wp-image-2360\" src=\"http:\/\/www.pratinha.mg.gov.br\/portal\/wp-content\/uploads\/2017\/10\/IMG_2800-300x178.jpg\" alt=\"\" width=\"300\" height=\"178\" srcset=\"http:\/\/www.pratinha.mg.gov.br\/portal\/wp-content\/uploads\/2017\/10\/IMG_2800-300x178.jpg 300w, http:\/\/www.pratinha.mg.gov.br\/portal\/wp-content\/uploads\/2017\/10\/IMG_2800-768x456.jpg 768w, http:\/\/www.pratinha.mg.gov.br\/portal\/wp-content\/uploads\/2017\/10\/IMG_2800.jpg 1024w, http:\/\/www.pratinha.mg.gov.br\/portal\/wp-content\/uploads\/2017\/10\/IMG_2800-696x413.jpg 696w, http:\/\/www.pratinha.mg.gov.br\/portal\/wp-content\/uploads\/2017\/10\/IMG_2800-707x420.jpg 707w\" sizes=\"auto, (max-width: 300px) 100vw, 300px\" \/><\/a><\/p>\n","protected":false},"excerpt":{"rendered":"<p>A Prefeitura Municipal de Pratinha\u00a0 juntamente com o Departamento Municipal de Sa\u00fade de Pratinha vem convidar toda \u00e0 popula\u00e7\u00e3o para participar de atividades f\u00edsicas e pr\u00e1ticas corporais realizadas no Clube Social de Pratinha nos dias de ter\u00e7a, quarta e quinta com o inicio \u00e0s 8:00 para o pessoal da terceira idade, e ter\u00e7a e quinta&hellip;<\/p>","protected":false},"author":6,"featured_media":2361,"comment_status":"open","ping_status":"closed","sticky":false,"template":"","format":"standard","meta":{"footnotes":""},"categories":[1,13],"tags":[],"class_list":{"0":"post-2359","1":"post","2":"type-post","3":"status-publish","4":"format-standard","5":"has-post-thumbnail","7":"category-noticias-em-destaque","8":"category-saude"},"_links":{"self":[{"href":"http:\/\/www.pratinha.mg.gov.br\/portal\/wp-json\/wp\/v2\/posts\/2359","targetHints":{"allow":["GET"]}}],"collection":[{"href":"http:\/\/www.pratinha.mg.gov.br\/portal\/wp-json\/wp\/v2\/posts"}],"about":[{"href":"http:\/\/www.pratinha.mg.gov.br\/portal\/wp-json\/wp\/v2\/types\/post"}],"author":[{"embeddable":true,"href":"http:\/\/www.pratinha.mg.gov.br\/portal\/wp-json\/wp\/v2\/users\/6"}],"replies":[{"embeddable":true,"href":"http:\/\/www.pratinha.mg.gov.br\/portal\/wp-json\/wp\/v2\/comments?post=2359"}],"version-history":[{"count":1,"href":"http:\/\/www.pratinha.mg.gov.br\/portal\/wp-json\/wp\/v2\/posts\/2359\/revisions"}],"predecessor-version":[{"id":6757,"href":"http:\/\/www.pratinha.mg.gov.br\/portal\/wp-json\/wp\/v2\/posts\/2359\/revisions\/6757"}],"wp:featuredmedia":[{"embeddable":true,"href":"http:\/\/www.pratinha.mg.gov.br\/portal\/wp-json\/wp\/v2\/media\/2361"}],"wp:attachment":[{"href":"http:\/\/www.pratinha.mg.gov.br\/portal\/wp-json\/wp\/v2\/media?parent=2359"}],"wp:term":[{"taxonomy":"category","embeddable":true,"href":"http:\/\/www.pratinha.mg.gov.br\/portal\/wp-json\/wp\/v2\/categories?post=2359"},{"taxonomy":"post_tag","embeddable":true,"href":"http:\/\/www.pratinha.mg.gov.br\/portal\/wp-json\/wp\/v2\/tags?post=2359"}],"curies":[{"name":"wp","href":"https:\/\/api.w.org\/{rel}","templated":true}]}}