{"id":2037,"date":"2017-06-14T11:11:53","date_gmt":"2017-06-14T11:11:53","guid":{"rendered":"http:\/\/www.pratinha.mg.gov.br\/portal\/?p=2037"},"modified":"2021-12-29T22:11:28","modified_gmt":"2021-12-29T22:11:28","slug":"vii-conferencia-municipal-de-saude","status":"publish","type":"post","link":"http:\/\/www.pratinha.mg.gov.br\/portal\/vii-conferencia-municipal-de-saude\/","title":{"rendered":"VII CONFER\u00caNCIA MUNICIPAL DE SA\u00daDE"},"content":{"rendered":"<p style=\"text-align: justify\">Com o objetivo de promover a participa\u00e7\u00e3o e controle social atrav\u00e9s da manifesta\u00e7\u00e3o e decis\u00e3o popular, o Munic\u00edpio de Pratinha realizar\u00e1 no dia 29\/06\/2017, \u00e0 partir das 12:00, na Pra\u00e7a de Esportes Jesus Gon\u00e7alves, a VII CONFER\u00caNCIA MUNICIPAL DE SA\u00daDE.<\/p>\n","protected":false},"excerpt":{"rendered":"<p>Com o objetivo de promover a participa\u00e7\u00e3o e controle social atrav\u00e9s da manifesta\u00e7\u00e3o e decis\u00e3o popular, o Munic\u00edpio de Pratinha realizar\u00e1 no dia 29\/06\/2017, \u00e0 partir das 12:00, na Pra\u00e7a de Esportes Jesus Gon\u00e7alves, a VII CONFER\u00caNCIA MUNICIPAL DE SA\u00daDE.<\/p>","protected":false},"author":6,"featured_media":2048,"comment_status":"open","ping_status":"closed","sticky":false,"template":"","format":"standard","meta":{"footnotes":""},"categories":[13],"tags":[],"class_list":{"0":"post-2037","1":"post","2":"type-post","3":"status-publish","4":"format-standard","5":"has-post-thumbnail","7":"category-saude"},"_links":{"self":[{"href":"http:\/\/www.pratinha.mg.gov.br\/portal\/wp-json\/wp\/v2\/posts\/2037","targetHints":{"allow":["GET"]}}],"collection":[{"href":"http:\/\/www.pratinha.mg.gov.br\/portal\/wp-json\/wp\/v2\/posts"}],"about":[{"href":"http:\/\/www.pratinha.mg.gov.br\/portal\/wp-json\/wp\/v2\/types\/post"}],"author":[{"embeddable":true,"href":"http:\/\/www.pratinha.mg.gov.br\/portal\/wp-json\/wp\/v2\/users\/6"}],"replies":[{"embeddable":true,"href":"http:\/\/www.pratinha.mg.gov.br\/portal\/wp-json\/wp\/v2\/comments?post=2037"}],"version-history":[{"count":1,"href":"http:\/\/www.pratinha.mg.gov.br\/portal\/wp-json\/wp\/v2\/posts\/2037\/revisions"}],"predecessor-version":[{"id":6753,"href":"http:\/\/www.pratinha.mg.gov.br\/portal\/wp-json\/wp\/v2\/posts\/2037\/revisions\/6753"}],"wp:featuredmedia":[{"embeddable":true,"href":"http:\/\/www.pratinha.mg.gov.br\/portal\/wp-json\/wp\/v2\/media\/2048"}],"wp:attachment":[{"href":"http:\/\/www.pratinha.mg.gov.br\/portal\/wp-json\/wp\/v2\/media?parent=2037"}],"wp:term":[{"taxonomy":"category","embeddable":true,"href":"http:\/\/www.pratinha.mg.gov.br\/portal\/wp-json\/wp\/v2\/categories?post=2037"},{"taxonomy":"post_tag","embeddable":true,"href":"http:\/\/www.pratinha.mg.gov.br\/portal\/wp-json\/wp\/v2\/tags?post=2037"}],"curies":[{"name":"wp","href":"https:\/\/api.w.org\/{rel}","templated":true}]}}