{"id":12235,"date":"2025-03-27T19:54:48","date_gmt":"2025-03-27T19:54:48","guid":{"rendered":"https:\/\/www.pratinha.mg.gov.br\/portal\/?p=12235"},"modified":"2025-03-27T19:55:52","modified_gmt":"2025-03-27T19:55:52","slug":"resultado-dos-candidatos-classificados-da-selecao-publica","status":"publish","type":"post","link":"http:\/\/www.pratinha.mg.gov.br\/portal\/resultado-dos-candidatos-classificados-da-selecao-publica\/","title":{"rendered":"Resultado dos Candidatos Classificados da Sele\u00e7\u00e3o P\u00fablica"},"content":{"rendered":"<p>&nbsp;<\/p>\n<p>Chamada P\u00fablica 001\/2025<\/p>\n<hr \/>\n<p>&nbsp;<\/p>\n<p><span style=\"font-size: 18pt;\"><a href=\"http:\/\/www.pratinha.mg.gov.br\/portal\/wp-content\/uploads\/2025\/03\/Resultado-Selecao-Publica-Alfabetizador.pdf\">Clique para visualizar a lista dos classificados<\/a><\/span><\/p>\n","protected":false},"excerpt":{"rendered":"<p>&nbsp; Chamada P\u00fablica 001\/2025 &nbsp; Clique para visualizar a lista dos classificados<\/p>","protected":false},"author":1,"featured_media":12236,"comment_status":"open","ping_status":"open","sticky":false,"template":"","format":"standard","meta":{"footnotes":""},"categories":[1],"tags":[],"class_list":{"0":"post-12235","1":"post","2":"type-post","3":"status-publish","4":"format-standard","5":"has-post-thumbnail","7":"category-noticias-em-destaque"},"_links":{"self":[{"href":"http:\/\/www.pratinha.mg.gov.br\/portal\/wp-json\/wp\/v2\/posts\/12235","targetHints":{"allow":["GET"]}}],"collection":[{"href":"http:\/\/www.pratinha.mg.gov.br\/portal\/wp-json\/wp\/v2\/posts"}],"about":[{"href":"http:\/\/www.pratinha.mg.gov.br\/portal\/wp-json\/wp\/v2\/types\/post"}],"author":[{"embeddable":true,"href":"http:\/\/www.pratinha.mg.gov.br\/portal\/wp-json\/wp\/v2\/users\/1"}],"replies":[{"embeddable":true,"href":"http:\/\/www.pratinha.mg.gov.br\/portal\/wp-json\/wp\/v2\/comments?post=12235"}],"version-history":[{"count":2,"href":"http:\/\/www.pratinha.mg.gov.br\/portal\/wp-json\/wp\/v2\/posts\/12235\/revisions"}],"predecessor-version":[{"id":12239,"href":"http:\/\/www.pratinha.mg.gov.br\/portal\/wp-json\/wp\/v2\/posts\/12235\/revisions\/12239"}],"wp:featuredmedia":[{"embeddable":true,"href":"http:\/\/www.pratinha.mg.gov.br\/portal\/wp-json\/wp\/v2\/media\/12236"}],"wp:attachment":[{"href":"http:\/\/www.pratinha.mg.gov.br\/portal\/wp-json\/wp\/v2\/media?parent=12235"}],"wp:term":[{"taxonomy":"category","embeddable":true,"href":"http:\/\/www.pratinha.mg.gov.br\/portal\/wp-json\/wp\/v2\/categories?post=12235"},{"taxonomy":"post_tag","embeddable":true,"href":"http:\/\/www.pratinha.mg.gov.br\/portal\/wp-json\/wp\/v2\/tags?post=12235"}],"curies":[{"name":"wp","href":"https:\/\/api.w.org\/{rel}","templated":true}]}}